{"id":95,"date":"2020-08-26T12:39:30","date_gmt":"2020-08-26T10:39:30","guid":{"rendered":"https:\/\/dt.com.pl\/adwokackimokiem\/?p=95"},"modified":"2020-08-26T12:47:14","modified_gmt":"2020-08-26T10:47:14","slug":"czy-sedziowie-nalezycie-cenia-ludzka-wolnosc","status":"publish","type":"post","link":"https:\/\/dt.com.pl\/adwokackimokiem\/2020\/08\/26\/czy-sedziowie-nalezycie-cenia-ludzka-wolnosc\/","title":{"rendered":"Czy s\u0119dziowie nale\u017cycie ceni\u0105 ludzk\u0105 wolno\u015b\u0107?"},"content":{"rendered":"\n<p>W dodatku\u00a0&#8222;Rzecz o Prawie&#8221; do Rzeczpospolitej z 25 sierpnia 2020 roku ukaza\u0142 si\u0119 artyku\u0142 krytykuj\u0105cy prac\u0119 s\u0119dzi\u00f3w na tzw. posiedzeniach aresztowych. Autorzy &#8211;\u00a0adwokaci Wojciech Bergier i Micha\u0142 Fertak (<em>nota bene<\/em>\u00a0rzecznik prasowy Okr\u0119gowej Rady Adwokackiej w Warszawie) zwracaj\u0105 uwag\u0119, \u017ce s\u0119dziowie niejednokrotnie postanawiaj\u0105 o tymczasowym aresztowaniu podejrzanych bez zapoznania si\u0119 z ca\u0142o\u015bci\u0105 akt sprawy i popadaj\u0105 w nawykowe my\u015blenie, \u017ce skoro prokurator wnioskuje o areszt, to jest to rezultat jego rzetelnej i obiektywnej analizy sprawy. Posiedzenia aresztowe trwaj\u0105 kr\u00f3tko, g\u0142osy obro\u0144c\u00f3w nie s\u0105 brane pod uwag\u0119 (bywa, \u017ce projekt postanowienia o tymczasowym aresztowaniu jest sporz\u0105dzany jeszcze przed ich wys\u0142uchaniem), a uzasadnienie postanowienia to niejednokrotnie zbi\u00f3r frazes\u00f3w i og\u00f3lnik\u00f3w.\u00a0Prowadzi to autor\u00f3w do wniosku, \u017ce taka praktyka po prostu krzywdzi ludzi.<\/p>\n\n\n\n<p><br>Wg wydawcy &#8222;Rzecz o Prawie&#8221; to tygodnik dost\u0119pny tylko w prenumeracie. Tym bardziej warto zauwa\u017cy\u0107 ten artyku\u0142\u00a0(nakre\u015blony adwokackim pi\u00f3rem), bo jest to chyba pierwszy tekst\u00a0w poczytnej, og\u00f3lnopolskiej gazecie \u00a0krytyczny wobec sposobu postrzegania ludzkiej wolno\u015bci przez niekt\u00f3rych s\u0119dzi\u00f3w. Mo\u017cna tylko doda\u0107, \u017ce temu, kto nie ceni nale\u017cycie wolno\u015bci cudzej, z wi\u0119kszym trudem przyjdzie obroni\u0107 wolno\u015b\u0107 w\u0142asn\u0105.<\/p>\n","protected":false},"excerpt":{"rendered":"<p>W dodatku\u00a0&#8222;Rzecz o Prawie&#8221; do Rzeczpospolitej z 25 sierpnia 2020 roku ukaza\u0142 si\u0119 artyku\u0142 krytykuj\u0105cy prac\u0119 s\u0119dzi\u00f3w na tzw. posiedzeniach aresztowych. Autorzy &#8211;\u00a0adwokaci Wojciech Bergier i Micha\u0142 Fertak (nota bene\u00a0rzecznik prasowy Okr\u0119gowej Rady Adwokackiej w Warszawie) zwracaj\u0105 uwag\u0119, \u017ce s\u0119dziowie niejednokrotnie postanawiaj\u0105 o tymczasowym aresztowaniu podejrzanych bez zapoznania si\u0119 z ca\u0142o\u015bci\u0105 akt sprawy i popadaj\u0105&hellip;<a href=\"https:\/\/dt.com.pl\/adwokackimokiem\/2020\/08\/26\/czy-sedziowie-nalezycie-cenia-ludzka-wolnosc\/\" class=\"more-link\">Continue reading <span class=\"screen-reader-text\">Czy s\u0119dziowie nale\u017cycie ceni\u0105 ludzk\u0105 wolno\u015b\u0107?<\/span><\/a><\/p>\n","protected":false},"author":1,"featured_media":98,"comment_status":"closed","ping_status":"open","sticky":false,"template":"","format":"standard","meta":[],"categories":[1],"tags":[],"_links":{"self":[{"href":"https:\/\/dt.com.pl\/adwokackimokiem\/wp-json\/wp\/v2\/posts\/95"}],"collection":[{"href":"https:\/\/dt.com.pl\/adwokackimokiem\/wp-json\/wp\/v2\/posts"}],"about":[{"href":"https:\/\/dt.com.pl\/adwokackimokiem\/wp-json\/wp\/v2\/types\/post"}],"author":[{"embeddable":true,"href":"https:\/\/dt.com.pl\/adwokackimokiem\/wp-json\/wp\/v2\/users\/1"}],"replies":[{"embeddable":true,"href":"https:\/\/dt.com.pl\/adwokackimokiem\/wp-json\/wp\/v2\/comments?post=95"}],"version-history":[{"count":1,"href":"https:\/\/dt.com.pl\/adwokackimokiem\/wp-json\/wp\/v2\/posts\/95\/revisions"}],"predecessor-version":[{"id":96,"href":"https:\/\/dt.com.pl\/adwokackimokiem\/wp-json\/wp\/v2\/posts\/95\/revisions\/96"}],"wp:featuredmedia":[{"embeddable":true,"href":"https:\/\/dt.com.pl\/adwokackimokiem\/wp-json\/wp\/v2\/media\/98"}],"wp:attachment":[{"href":"https:\/\/dt.com.pl\/adwokackimokiem\/wp-json\/wp\/v2\/media?parent=95"}],"wp:term":[{"taxonomy":"category","embeddable":true,"href":"https:\/\/dt.com.pl\/adwokackimokiem\/wp-json\/wp\/v2\/categories?post=95"},{"taxonomy":"post_tag","embeddable":true,"href":"https:\/\/dt.com.pl\/adwokackimokiem\/wp-json\/wp\/v2\/tags?post=95"}],"curies":[{"name":"wp","href":"https:\/\/api.w.org\/{rel}","templated":true}]}}