{"id":59,"date":"2020-07-06T12:35:15","date_gmt":"2020-07-06T10:35:15","guid":{"rendered":"https:\/\/dt.com.pl\/adwokackimokiem\/?p=59"},"modified":"2020-07-06T12:37:56","modified_gmt":"2020-07-06T10:37:56","slug":"nowe-tymczasowe-srodki-ochrony-w-sprawach-wlasnosci-intelektualnej-w-kpc","status":"publish","type":"post","link":"https:\/\/dt.com.pl\/adwokackimokiem\/2020\/07\/06\/nowe-tymczasowe-srodki-ochrony-w-sprawach-wlasnosci-intelektualnej-w-kpc\/","title":{"rendered":"\u201eNowe\u201d tymczasowe \u015brodki ochrony w sprawach w\u0142asno\u015bci intelektualnej w KPC."},"content":{"rendered":"\n<p>W post\u0119powaniu cywilnym w sprawach w\u0142asno\u015bci intelektualnej przewiduje si\u0119 trzy nowe tymczasowe \u015brodki ochrony: zabezpieczenie \u015brodka dowodowego, wyjawienie lub wydanie \u015brodka dowodowego, wezwanie do udzielenia informacji.<\/p>\n\n\n\n<p>Cho\u0107 w KPC obowi\u0105zuj\u0105 dopiero od 1 lipca 2020r., nie s\u0105 to w istocie \u015brodki nowe, gdy\u017c pr\u00f3bowano je wprowadzi\u0107 do polskiego prawa ju\u017c w 2007 roku w ramach pierwszej, nieudanej implementacji dyrektywy 2004\/48\/WE Parlamentu Europejskiego i Rady z 29 kwietnia 2004 r.. Pierwsza pr\u00f3ba, dokonana w roku 2007 poprzez wprowadzenie zmian w ustawie o prawie autorskim i prawach pokrewnych (art. 80), prawie w\u0142asno\u015bci przemys\u0142owej (art. 2861), ustawie o ochronie baz danych (art. 11a), i ustawie o ochronie prawnej odmian ro\u015blin (art. 36b) zosta\u0142a by\u0142a szeroko krytykowana w doktrynie, a Trybuna\u0142 Konstytucyjny uzna\u0142 art. 2861 PWP za sprzeczny z Konstytucj\u0105 RP.<\/p>\n\n\n\n<p>Tym razem mamy szczeg\u00f3\u0142ow\u0105 regulacj\u0119 procesow\u0105, kt\u00f3ra \u2013 cho\u0107 nie jest wolna od wad \u2013 rozszerza mo\u017cliwo\u015bci ochrony praw w\u0142asno\u015bci intelektualnej. Ka\u017cdy z wymienionych \u015brodk\u00f3w ochrony zas\u0142uguje na odr\u0119bne obszerne opracowanie, warto zatem \u015bledzi\u0107 bie\u017c\u0105ce pi\u015bmiennictwo.<\/p>\n","protected":false},"excerpt":{"rendered":"<p>W post\u0119powaniu cywilnym w sprawach w\u0142asno\u015bci intelektualnej przewiduje si\u0119 trzy nowe tymczasowe \u015brodki ochrony: zabezpieczenie \u015brodka dowodowego, wyjawienie lub wydanie \u015brodka dowodowego, wezwanie do udzielenia informacji. Cho\u0107 w KPC obowi\u0105zuj\u0105 dopiero od 1 lipca 2020r., nie s\u0105 to w istocie \u015brodki nowe, gdy\u017c pr\u00f3bowano je wprowadzi\u0107 do polskiego prawa ju\u017c w 2007 roku w ramach&hellip;<a href=\"https:\/\/dt.com.pl\/adwokackimokiem\/2020\/07\/06\/nowe-tymczasowe-srodki-ochrony-w-sprawach-wlasnosci-intelektualnej-w-kpc\/\" class=\"more-link\">Continue reading <span class=\"screen-reader-text\">\u201eNowe\u201d tymczasowe \u015brodki ochrony w sprawach w\u0142asno\u015bci intelektualnej w KPC.<\/span><\/a><\/p>\n","protected":false},"author":1,"featured_media":62,"comment_status":"closed","ping_status":"open","sticky":false,"template":"","format":"standard","meta":[],"categories":[1],"tags":[],"_links":{"self":[{"href":"https:\/\/dt.com.pl\/adwokackimokiem\/wp-json\/wp\/v2\/posts\/59"}],"collection":[{"href":"https:\/\/dt.com.pl\/adwokackimokiem\/wp-json\/wp\/v2\/posts"}],"about":[{"href":"https:\/\/dt.com.pl\/adwokackimokiem\/wp-json\/wp\/v2\/types\/post"}],"author":[{"embeddable":true,"href":"https:\/\/dt.com.pl\/adwokackimokiem\/wp-json\/wp\/v2\/users\/1"}],"replies":[{"embeddable":true,"href":"https:\/\/dt.com.pl\/adwokackimokiem\/wp-json\/wp\/v2\/comments?post=59"}],"version-history":[{"count":2,"href":"https:\/\/dt.com.pl\/adwokackimokiem\/wp-json\/wp\/v2\/posts\/59\/revisions"}],"predecessor-version":[{"id":61,"href":"https:\/\/dt.com.pl\/adwokackimokiem\/wp-json\/wp\/v2\/posts\/59\/revisions\/61"}],"wp:featuredmedia":[{"embeddable":true,"href":"https:\/\/dt.com.pl\/adwokackimokiem\/wp-json\/wp\/v2\/media\/62"}],"wp:attachment":[{"href":"https:\/\/dt.com.pl\/adwokackimokiem\/wp-json\/wp\/v2\/media?parent=59"}],"wp:term":[{"taxonomy":"category","embeddable":true,"href":"https:\/\/dt.com.pl\/adwokackimokiem\/wp-json\/wp\/v2\/categories?post=59"},{"taxonomy":"post_tag","embeddable":true,"href":"https:\/\/dt.com.pl\/adwokackimokiem\/wp-json\/wp\/v2\/tags?post=59"}],"curies":[{"name":"wp","href":"https:\/\/api.w.org\/{rel}","templated":true}]}}