{"id":52,"date":"2020-07-01T10:19:11","date_gmt":"2020-07-01T08:19:11","guid":{"rendered":"https:\/\/dt.com.pl\/adwokackimokiem\/?p=52"},"modified":"2020-07-01T10:21:30","modified_gmt":"2020-07-01T08:21:30","slug":"katowice-zauwazone-krakow-pominiety","status":"publish","type":"post","link":"https:\/\/dt.com.pl\/adwokackimokiem\/2020\/07\/01\/katowice-zauwazone-krakow-pominiety\/","title":{"rendered":"Katowice zauwa\u017cone, Krak\u00f3w pomini\u0119ty"},"content":{"rendered":"\n<p>30 czerwca 2020 r. czyli na dzie\u0144 przed wej\u015bciem w \u017cycie przepis\u00f3w nowego dzia\u0142u KPC og\u0142oszono Rozporz\u0105dzenia Ministra Sprawiedliwo\u015bci wskazuj\u0105ce s\u0105dy w\u0142a\u015bciwe do rozpoznania spraw w\u0142asno\u015bci intelektualnej. W pierwszej instancji to pi\u0119\u0107 s\u0105d\u00f3w okr\u0119gowych (a nie cztery &#8211; jak wcze\u015bniej zapowiadano) &#8211; w Warszawie, Gda\u0144sku, Poznaniu, Katowicach i Lublinie. W projekcie ministerialnego rozporz\u0105dzenia nie przewidywano wcze\u015bniej Katowic, co wywo\u0142ano g\u0142osy krytyki. Wskazywano, \u017ce pomini\u0119cie zar\u00f3wno Krakowa, jak i Katowic utrudnia dost\u0119p do wymiaru sprawiedliwo\u015bci w po\u0142udniowej Polsce. Ostatecznie Katowice zauwa\u017cono, a Krak\u00f3w pomini\u0119to.<\/p>\n","protected":false},"excerpt":{"rendered":"<p>30 czerwca 2020 r. czyli na dzie\u0144 przed wej\u015bciem w \u017cycie przepis\u00f3w nowego dzia\u0142u KPC og\u0142oszono Rozporz\u0105dzenia Ministra Sprawiedliwo\u015bci wskazuj\u0105ce s\u0105dy w\u0142a\u015bciwe do rozpoznania spraw w\u0142asno\u015bci intelektualnej. W pierwszej instancji to pi\u0119\u0107 s\u0105d\u00f3w okr\u0119gowych (a nie cztery &#8211; jak wcze\u015bniej zapowiadano) &#8211; w Warszawie, Gda\u0144sku, Poznaniu, Katowicach i Lublinie. W projekcie ministerialnego rozporz\u0105dzenia nie przewidywano&hellip;<a href=\"https:\/\/dt.com.pl\/adwokackimokiem\/2020\/07\/01\/katowice-zauwazone-krakow-pominiety\/\" class=\"more-link\">Continue reading <span class=\"screen-reader-text\">Katowice zauwa\u017cone, Krak\u00f3w pomini\u0119ty<\/span><\/a><\/p>\n","protected":false},"author":1,"featured_media":54,"comment_status":"closed","ping_status":"open","sticky":false,"template":"","format":"standard","meta":[],"categories":[1],"tags":[],"_links":{"self":[{"href":"https:\/\/dt.com.pl\/adwokackimokiem\/wp-json\/wp\/v2\/posts\/52"}],"collection":[{"href":"https:\/\/dt.com.pl\/adwokackimokiem\/wp-json\/wp\/v2\/posts"}],"about":[{"href":"https:\/\/dt.com.pl\/adwokackimokiem\/wp-json\/wp\/v2\/types\/post"}],"author":[{"embeddable":true,"href":"https:\/\/dt.com.pl\/adwokackimokiem\/wp-json\/wp\/v2\/users\/1"}],"replies":[{"embeddable":true,"href":"https:\/\/dt.com.pl\/adwokackimokiem\/wp-json\/wp\/v2\/comments?post=52"}],"version-history":[{"count":2,"href":"https:\/\/dt.com.pl\/adwokackimokiem\/wp-json\/wp\/v2\/posts\/52\/revisions"}],"predecessor-version":[{"id":56,"href":"https:\/\/dt.com.pl\/adwokackimokiem\/wp-json\/wp\/v2\/posts\/52\/revisions\/56"}],"wp:featuredmedia":[{"embeddable":true,"href":"https:\/\/dt.com.pl\/adwokackimokiem\/wp-json\/wp\/v2\/media\/54"}],"wp:attachment":[{"href":"https:\/\/dt.com.pl\/adwokackimokiem\/wp-json\/wp\/v2\/media?parent=52"}],"wp:term":[{"taxonomy":"category","embeddable":true,"href":"https:\/\/dt.com.pl\/adwokackimokiem\/wp-json\/wp\/v2\/categories?post=52"},{"taxonomy":"post_tag","embeddable":true,"href":"https:\/\/dt.com.pl\/adwokackimokiem\/wp-json\/wp\/v2\/tags?post=52"}],"curies":[{"name":"wp","href":"https:\/\/api.w.org\/{rel}","templated":true}]}}