{"id":49,"date":"2020-06-30T10:52:04","date_gmt":"2020-06-30T08:52:04","guid":{"rendered":"https:\/\/dt.com.pl\/adwokackimokiem\/?p=49"},"modified":"2020-06-30T10:53:05","modified_gmt":"2020-06-30T08:53:05","slug":"od-1-lipca-sprawy-wlasnosci-intelektualnej-tylko-w-wyspecjalizowanych-sadach","status":"publish","type":"post","link":"https:\/\/dt.com.pl\/adwokackimokiem\/2020\/06\/30\/od-1-lipca-sprawy-wlasnosci-intelektualnej-tylko-w-wyspecjalizowanych-sadach\/","title":{"rendered":"Od 1 lipca sprawy w\u0142asno\u015bci intelektualnej tylko w wyspecjalizowanych s\u0105dach"},"content":{"rendered":"\n<p>Od 1 lipca 2020 roku mamy nowe post\u0119powanie odr\u0119bne w polskiej procedurze cywilnej. W tytule VII Kpc (\u201ePost\u0119powania odr\u0119bne\u201d) wprowadzono nowy dzia\u0142 IVg pt. \u201ePost\u0119powanie w sprawach w\u0142asno\u015bci intelektualnej\u201d. Przepisy tego dzia\u0142u stosuje si\u0119 do spraw wszcz\u0119tych po tym dniu, za\u015b w sprawach wszcz\u0119tych i niezako\u0144czonych zachowuj\u0105 moc dotychczasowe czynno\u015bci i w\u0142a\u015bciwo\u015b\u0107 s\u0105du, a nowych przepis\u00f3w si\u0119 nie stosuje.<\/p>\n\n\n\n<p>Sprawy w\u0142asno\u015bci intelektualnej to sprawy: o ochron\u0119 praw autorskich i pokrewnych, o ochron\u0119 praw w\u0142asno\u015bci przemys\u0142owej, o ochron\u0119 innych praw na dobrach niematerialnych oraz sprawy o zapobieganie i zwalczanie nieuczciwej konkurencji, o ochron\u0119 d\u00f3br osobistych w zakresie, w jakim dotyczy ona wykorzystania dobra osobistego w celu indywidua\u00adlizacji, reklamy lub promocji przedsi\u0119biorcy, towar\u00f3w lub us\u0142ug oraz sprawy ochron\u0119 d\u00f3br osobistych w zwi\u0105zku z dzia\u0142alno\u015bci\u0105 naukow\u0105 lub wynalazcz\u0105 (vide: art. 479<sup>89<\/sup> \u00a7 1 KPC).<\/p>\n\n\n\n<p>Sprawy te rozpoznaj\u0105 tylko cztery s\u0105dy okr\u0119gowe \u2013 w Warszawie, Poznaniu, Gda\u0144sku i Lublinie w pierwszej instancji oraz dwa s\u0105dy apelacyjne \u2013 w Warszawie i Poznaniu w drugiej instancji. S\u0105dy powinny rozpoznawa\u0107 sprawy w\u0142asno\u015bci intelektualnej na r\u00f3\u017cne sposoby &#8211; wg przepis\u00f3w post\u0119powania w sprawach gospodarczych mi\u0119dzy przedsi\u0119biorcami lub by\u0142ymi przedsi\u0119biorcami (art. 458<sup>2 <\/sup>pkt 1 i 2 KPC) lub jako sprawy cywilne.<\/p>\n\n\n\n<p>W sprawach w\u0142asno\u015bci intelektualnej, je\u015bli warto\u015b\u0107 przedmiotu sporu przekracza 20 tys. z\u0142. obowi\u0105zuje przymus adwokacko-radcowsko-rzecznikowski. Zgodnie z art. 9 ust. 1a ustawy o rzecznikach patentowych<strong> <\/strong>rzecznik mo\u017ce teraz wyst\u0119powa\u0107 w charakterze pe\u0142nomocnika w post\u0119powaniu cywilnym w sprawach w\u0142asno\u015bci intelektualnej, a nie &#8211; jak dot\u0105d \u2013 w sprawach w\u0142asno\u015bci przemys\u0142owej. Aby zapewni\u0107 rzecznikom patentowym sporz\u0105dzanie skarg kasacyjnych i udzia\u0142 w post\u0119powaniu &nbsp;r\u00f3wnie\u017c przed S\u0105dem Najwy\u017cszym zmieniono art. 87<sup>1<\/sup> \u00a71 KPC. Brawa za skuteczno\u015b\u0107 dla samorz\u0105du rzecznikowskiego! Adwokatom i radcom prawnym przyby\u0142o oko\u0142o tysi\u0105c wyspecjalizowanych konkurent\u00f3w.<\/p>\n","protected":false},"excerpt":{"rendered":"<p>Od 1 lipca 2020 roku mamy nowe post\u0119powanie odr\u0119bne w polskiej procedurze cywilnej. W tytule VII Kpc (\u201ePost\u0119powania odr\u0119bne\u201d) wprowadzono nowy dzia\u0142 IVg pt. \u201ePost\u0119powanie w sprawach w\u0142asno\u015bci intelektualnej\u201d. Przepisy tego dzia\u0142u stosuje si\u0119 do spraw wszcz\u0119tych po tym dniu, za\u015b w sprawach wszcz\u0119tych i niezako\u0144czonych zachowuj\u0105 moc dotychczasowe czynno\u015bci i w\u0142a\u015bciwo\u015b\u0107 s\u0105du, a nowych&hellip;<a href=\"https:\/\/dt.com.pl\/adwokackimokiem\/2020\/06\/30\/od-1-lipca-sprawy-wlasnosci-intelektualnej-tylko-w-wyspecjalizowanych-sadach\/\" class=\"more-link\">Continue reading <span class=\"screen-reader-text\">Od 1 lipca sprawy w\u0142asno\u015bci intelektualnej tylko w wyspecjalizowanych s\u0105dach<\/span><\/a><\/p>\n","protected":false},"author":1,"featured_media":51,"comment_status":"closed","ping_status":"open","sticky":false,"template":"","format":"standard","meta":[],"categories":[1],"tags":[],"_links":{"self":[{"href":"https:\/\/dt.com.pl\/adwokackimokiem\/wp-json\/wp\/v2\/posts\/49"}],"collection":[{"href":"https:\/\/dt.com.pl\/adwokackimokiem\/wp-json\/wp\/v2\/posts"}],"about":[{"href":"https:\/\/dt.com.pl\/adwokackimokiem\/wp-json\/wp\/v2\/types\/post"}],"author":[{"embeddable":true,"href":"https:\/\/dt.com.pl\/adwokackimokiem\/wp-json\/wp\/v2\/users\/1"}],"replies":[{"embeddable":true,"href":"https:\/\/dt.com.pl\/adwokackimokiem\/wp-json\/wp\/v2\/comments?post=49"}],"version-history":[{"count":1,"href":"https:\/\/dt.com.pl\/adwokackimokiem\/wp-json\/wp\/v2\/posts\/49\/revisions"}],"predecessor-version":[{"id":50,"href":"https:\/\/dt.com.pl\/adwokackimokiem\/wp-json\/wp\/v2\/posts\/49\/revisions\/50"}],"wp:featuredmedia":[{"embeddable":true,"href":"https:\/\/dt.com.pl\/adwokackimokiem\/wp-json\/wp\/v2\/media\/51"}],"wp:attachment":[{"href":"https:\/\/dt.com.pl\/adwokackimokiem\/wp-json\/wp\/v2\/media?parent=49"}],"wp:term":[{"taxonomy":"category","embeddable":true,"href":"https:\/\/dt.com.pl\/adwokackimokiem\/wp-json\/wp\/v2\/categories?post=49"},{"taxonomy":"post_tag","embeddable":true,"href":"https:\/\/dt.com.pl\/adwokackimokiem\/wp-json\/wp\/v2\/tags?post=49"}],"curies":[{"name":"wp","href":"https:\/\/api.w.org\/{rel}","templated":true}]}}