{"id":238,"date":"2021-12-10T14:39:36","date_gmt":"2021-12-10T13:39:36","guid":{"rendered":"https:\/\/dt.com.pl\/adwokackimokiem\/?p=238"},"modified":"2021-12-10T15:14:58","modified_gmt":"2021-12-10T14:14:58","slug":"spolka-komandytowa-nadal-atrakcyjnym-wehikulem-dzialalnosci-gospodarczej","status":"publish","type":"post","link":"https:\/\/dt.com.pl\/adwokackimokiem\/2021\/12\/10\/spolka-komandytowa-nadal-atrakcyjnym-wehikulem-dzialalnosci-gospodarczej\/","title":{"rendered":"Sp\u00f3\u0142ka komandytowa nadal atrakcyjnym wehiku\u0142em dzia\u0142alno\u015bci gospodarczej?"},"content":{"rendered":"\n<p>Wprowadzenie za spraw\u0105 Polskiego \u0141adu nowych system\u00f3w naliczania sk\u0142adki zdrowotnej przywr\u00f3ci\u0142o atrakcyjno\u015b\u0107 sp\u00f3\u0142ki komandytowej jako wehiku\u0142u dla dzia\u0142alno\u015bci gospodarczej przez osoby fizyczne. Odk\u0105d sp\u00f3\u0142ka ta zosta\u0142a opodatkowana podatkiem dochodowym od os\u00f3b prawnych (CIT) zyski jej wsp\u00f3lnik\u00f3w przesta\u0142y by\u0107 przychodami z dzia\u0142alno\u015bci gospodarczej, a sta\u0142y si\u0119 przychodami kapita\u0142owymi (opodatkowanymi zrycza\u0142towanym podatkiem w wysoko\u015bci 19%), od kt\u00f3rych nie nalicza si\u0119 sk\u0142adki zdrowotnej. W 2022 roku wsp\u00f3lnicy sp\u00f3\u0142ki komandytowej zap\u0142ac\u0105 zatem sk\u0142adk\u0119 zdrowotn\u0105 w wysoko\u015bci 9% przeci\u0119tnego wynagrodzenia w czwartym kwartale 2021 roku (ok. 530 z\u0142), a nie w wysoko\u015bci 4,9% (\u201eliniowcy) &nbsp;lub 9% (\u201eskalowcy\u201d) dochodu z tej sp\u00f3\u0142ki.<\/p>\n\n\n\n<p>Za mankament sp\u00f3\u0142ki komandytowej uwa\u017cano przynajmniej tymczasowe podw\u00f3jne opodatkowanie (9% lub 19% CIT i 19% PIT), wynikaj\u0105ce z przypisywanej tej sp\u00f3\u0142ce powinno\u015bci &#8211; opr\u00f3cz uiszczania zaliczek podatkowych na CIT sp\u00f3\u0142ki &#8211; pobierania i uiszczania zaliczek na podatek PIT od zaliczek z zysku wsp\u00f3lnik\u00f3w przed ko\u0144cem roku podatkowego. W 2021 roku Wojew\u00f3dzkie S\u0105dy Administracyjne w kilku wyrokach orzek\u0142y jednak\u017ce, \u017ce dop\u00f3ki doch\u00f3d roczny sp\u00f3\u0142ki komandytowej nie jest ustalony, podatku PIT od zaliczek wsp\u00f3lnik\u00f3w nie nale\u017cy pobiera\u0107 ani odprowadza\u0107. Klarownie uzasadni\u0142 to WSA w Gda\u0144sku w wyroku z dn. 10 listopada 2021r. (sygn.. akt I SA\/Gd 1126\/21):<\/p>\n\n\n\n<p><em>\u201eJednym z warunk\u00f3w przekszta\u0142cenia obowi\u0105zku podatkowego w zobowi\u0105zanie podatkowe jest to, \u017ce podatnik jest w stanie okre\u015bli\u0107 wysoko\u015b\u0107 nale\u017cnego do zap\u0142aty podatku. Bez istnienia tego elementu nie mo\u017cna zasadnie twierdzi\u0107, \u017ce powsta\u0142o zobowi\u0105zanie podatkowe, prowadz\u0105ce do konieczno\u015bci zap\u0142aty podatku. W konsekwencji, je\u017celi p\u0142atnik ma obowi\u0105zek pobrania podatku powinien posiada\u0107 dane niezb\u0119dne do jego wyliczenia, czyli musi zna\u0107 jego wysoko\u015b\u0107. Obowi\u0105zek poboru podatku przez p\u0142atnika nast\u0105pi zatem w\u00f3wczas, gdy obowi\u0105zek podatkowy przekszta\u0142ci si\u0119 w zobowi\u0105zanie podatkowe. Bez takiego przekszta\u0142cenia, p\u0142atnik nie b\u0119dzie m\u00f3g\u0142 prawid\u0142owo wywi\u0105za\u0107 si\u0119 ze swojego obowi\u0105zku, gdy\u017c nie b\u0119dzie mia\u0142 podstaw do okre\u015blenia wysoko\u015bci podatku, kt\u00f3ry powinien pobra\u0107 od podatnika i przekaza\u0107 w\u0142a\u015bciwemu organowi podatkowemu.<\/em><\/p>\n\n\n\n<p><em>Obowi\u0105zek pobrania zrycza\u0142towanego podatku od wyp\u0142at zysku komplementariuszowi przez sp\u00f3\u0142k\u0119, jako p\u0142atnika, jak wy\u017cej wspomniano, na\u0142o\u017cony zosta\u0142 w art. 41 ust. 4e u.p.d.o.f. Jednoznacznie wynika z niego, \u017ce pob\u00f3r zrycza\u0142towanego podatku powinien nast\u0105pi\u0107 z uwzgl\u0119dnieniem zasad okre\u015blonych w art. 30a ust. 6a-6e. Ustawodawca wprost zatem wskaza\u0142 w jaki spos\u00f3b p\u0142atnik powinien obliczy\u0107 podatek. Nie wymaga szerszego uzasadnienia, \u017ce aby pobra\u0107 podatek od podatnika, p\u0142atnik powinien wcze\u015bniej dokona\u0107 prawid\u0142owego jego obliczenia. Wobec powy\u017cszego sp\u00f3\u0142ka chc\u0105c pobra\u0107 zrycza\u0142towany podatek od wyp\u0142at komplementariuszowi udzia\u0142u w zysku, powinna go wyliczy\u0107 z uwzgl\u0119dnieniem zasad przewidzianych w powy\u017cszym przepisie. [\u2026]<\/em><\/p>\n\n\n\n<p><em>Je\u017celi do obliczenia wysoko\u015bci podatku od komplementariusza, zgodnie z art. 30a ust. 6a u.p.d.o.f., konieczne jest poznanie wysoko\u015bci podatku nale\u017cnego sp\u00f3\u0142ki, to obowi\u0105zek podatkowy komplementariusza powsta\u0142y z chwil\u0105 wyp\u0142aty mu zaliczki na poczet udzia\u0142u w zyskach, przekszta\u0142ci si\u0119 w zobowi\u0105zanie podatkowe w momencie obliczenia dochodu tej sp\u00f3\u0142ki na podstawie art. 19 u.p.d.o.p. Dopiero w\u00f3wczas znana b\u0119dzie wysoko\u015b\u0107 podatku do zap\u0142aty przez komplementariusza. W konsekwencji w tym momencie p\u0142atnik b\u0119dzie m\u00f3g\u0142 zrealizowa\u0107 sw\u00f3j obowi\u0105zek w postaci obliczenia podatku, za\u015b w dalszej kolejno\u015bci pobrania go i wp\u0142acenia w\u0142a\u015bciwemu organowi podatkowemu.<\/em><\/p>\n\n\n\n<p><em>Tylko w taki spos\u00f3b p\u0142atnik zrealizuje wynikaj\u0105cy z art. 41 ust. 4e u.p.d.o.f. obowi\u0105zek pobrania podatku z uwzgl\u0119dnieniem zasad okre\u015blonych w art. 30a ust. 6a-6e u.p.d.o.f. <strong>Wyp\u0142acaj\u0105c komplementariuszom w trakcie roku podatkowego zaliczki na poczet zysku, sp\u00f3\u0142ka komandytowa nie ma obowi\u0105zku pobierania zrycza\u0142towanego podatku dochodowego, o kt\u00f3rym mowa w art. 30a ust. 1 pkt 4 u.p.d.o.f. Ustawodawca w zakresie tego podatku nie wprowadzi\u0142 obowi\u0105zku pobierania zaliczek przez p\u0142atnika, za\u015b obliczenie wysoko\u015bci podatku powinno odbywa\u0107 si\u0119 wed\u0142ug zasad okre\u015blonych w art. 30a ust. 6a u.p.d.o.f. Jest to natomiast mo\u017cliwe dopiero po obliczeniu podatku nale\u017cnego sp\u00f3\u0142ki komandytowej za rok podatkowy, z kt\u00f3rego przych\u00f3d z tytu\u0142u udzia\u0142u w zysku zosta\u0142 uzyskany.\u201d<\/strong><\/em><\/p>\n\n\n\n<p>Po zako\u0144czeniu roku podatkowego podatek PIT wsp\u00f3lnik\u00f3w pomniejsza si\u0119 odpowiednio do ich udzia\u0142\u00f3w w dochodzie o zap\u0142acony ju\u017c CIT, a zatem unika podw\u00f3jnego opodatkowania. Dodatkowa premi\u0105 \u2013 co istotne przy wysokich zyskach ze sp\u00f3\u0142ki komandytowej &#8211; jest brak daniny solidarno\u015bciowej.<\/p>\n","protected":false},"excerpt":{"rendered":"<p>Wprowadzenie za spraw\u0105 Polskiego \u0141adu nowych system\u00f3w naliczania sk\u0142adki zdrowotnej przywr\u00f3ci\u0142o atrakcyjno\u015b\u0107 sp\u00f3\u0142ki komandytowej jako wehiku\u0142u dla dzia\u0142alno\u015bci gospodarczej przez osoby fizyczne. Odk\u0105d sp\u00f3\u0142ka ta zosta\u0142a opodatkowana podatkiem dochodowym od os\u00f3b prawnych (CIT) zyski jej wsp\u00f3lnik\u00f3w przesta\u0142y by\u0107 przychodami z dzia\u0142alno\u015bci gospodarczej, a sta\u0142y si\u0119 przychodami kapita\u0142owymi (opodatkowanymi zrycza\u0142towanym podatkiem w wysoko\u015bci 19%), od kt\u00f3rych&hellip;<a href=\"https:\/\/dt.com.pl\/adwokackimokiem\/2021\/12\/10\/spolka-komandytowa-nadal-atrakcyjnym-wehikulem-dzialalnosci-gospodarczej\/\" class=\"more-link\">Continue reading <span class=\"screen-reader-text\">Sp\u00f3\u0142ka komandytowa nadal atrakcyjnym wehiku\u0142em dzia\u0142alno\u015bci gospodarczej?<\/span><\/a><\/p>\n","protected":false},"author":1,"featured_media":241,"comment_status":"closed","ping_status":"open","sticky":false,"template":"","format":"standard","meta":[],"categories":[1],"tags":[],"_links":{"self":[{"href":"https:\/\/dt.com.pl\/adwokackimokiem\/wp-json\/wp\/v2\/posts\/238"}],"collection":[{"href":"https:\/\/dt.com.pl\/adwokackimokiem\/wp-json\/wp\/v2\/posts"}],"about":[{"href":"https:\/\/dt.com.pl\/adwokackimokiem\/wp-json\/wp\/v2\/types\/post"}],"author":[{"embeddable":true,"href":"https:\/\/dt.com.pl\/adwokackimokiem\/wp-json\/wp\/v2\/users\/1"}],"replies":[{"embeddable":true,"href":"https:\/\/dt.com.pl\/adwokackimokiem\/wp-json\/wp\/v2\/comments?post=238"}],"version-history":[{"count":2,"href":"https:\/\/dt.com.pl\/adwokackimokiem\/wp-json\/wp\/v2\/posts\/238\/revisions"}],"predecessor-version":[{"id":242,"href":"https:\/\/dt.com.pl\/adwokackimokiem\/wp-json\/wp\/v2\/posts\/238\/revisions\/242"}],"wp:featuredmedia":[{"embeddable":true,"href":"https:\/\/dt.com.pl\/adwokackimokiem\/wp-json\/wp\/v2\/media\/241"}],"wp:attachment":[{"href":"https:\/\/dt.com.pl\/adwokackimokiem\/wp-json\/wp\/v2\/media?parent=238"}],"wp:term":[{"taxonomy":"category","embeddable":true,"href":"https:\/\/dt.com.pl\/adwokackimokiem\/wp-json\/wp\/v2\/categories?post=238"},{"taxonomy":"post_tag","embeddable":true,"href":"https:\/\/dt.com.pl\/adwokackimokiem\/wp-json\/wp\/v2\/tags?post=238"}],"curies":[{"name":"wp","href":"https:\/\/api.w.org\/{rel}","templated":true}]}}