{"id":217,"date":"2021-10-25T16:56:10","date_gmt":"2021-10-25T14:56:10","guid":{"rendered":"https:\/\/dt.com.pl\/adwokackimokiem\/?p=217"},"modified":"2021-10-25T16:58:26","modified_gmt":"2021-10-25T14:58:26","slug":"polski-lad-w-senacie-rp-czyli-jak-poprawic-niepoprawialne","status":"publish","type":"post","link":"https:\/\/dt.com.pl\/adwokackimokiem\/2021\/10\/25\/polski-lad-w-senacie-rp-czyli-jak-poprawic-niepoprawialne\/","title":{"rendered":"Polski \u0141ad w Senacie RP czyli jak poprawi\u0107 niepoprawialne."},"content":{"rendered":"\n<p>Pierwsze czytanie Polskiego \u0141adu czyli ustawy licz\u0105cej 259 stron i nowelizuj\u0105cej 26 ustaw trwa\u0142o w Sejmie RP 124 minuty. Drugie czytanie odby\u0142o si\u0119 ju\u017c 14 dni po pierwszym, a trzeciego czytania zaniechano. <\/p>\n\n\n\n<p>1 pa\u017adziernika Sejm ustaw\u0119 uchwali\u0142 przyjmuj\u0105c jeszcze 29 poprawek. I tak Polski \u0141ad trafi\u0142 do Senatu.<\/p>\n\n\n\n<p>Zgodnie z kalendarzem Senatu RP prace plenarne nad nim tj. przes\u0142an\u0105 z Sejmu ustaw\u0105 o zmianie ustawy o podatku dochodowym od os\u00f3b fizycznych, ustawy o podatku dochodowym od os\u00f3b prawnych oraz niekt\u00f3rych innych ustaw zaplanowano na 28 i 29 pa\u017adziernika 2021 roku. Wielk\u0105 prac\u0119 wykona\u0142o ju\u017c senackie Biuro Legislacyjne (zob. opini\u0119 do tej ustawy: <a href=\"https:\/\/www.senat.gov.pl\/download\/gfx\/senat\/pl\/senatekspertyzy\/6059\/plik\/506o.pdf\">https:\/\/www.senat.gov.pl\/download\/gfx\/senat\/pl\/senatekspertyzy\/6059\/plik\/506o.pdf<\/a>), \u00a0kt\u00f3re wskaza\u0142o, \u017ce \u201eustawa zosta\u0142a uchwalona z naruszeniem podstawowych proceduralnych standard\u00f3w wynikaj\u0105cych z zasady poprawnej legislacji\u201d, na 33 stronach wypunktowa\u0142o jej przepisy niezgodne z Konstytucj\u0105 i zaproponowa\u0142o niezb\u0119dne poprawki.<\/p>\n\n\n\n<p>Cho\u0107 ca\u0142a ustawa nadaje si\u0119 do kosza, Senat zapewne jej nie odrzuci, ale uchwali poprawki do niepoprawialnego tekstu. Ustawa powr\u00f3ci zatem z tymi poprawkami do Sejmu i b\u0119dzie procedowana na posiedzeniu w dniach 16 i 17 listopada 2021 roku.<\/p>\n","protected":false},"excerpt":{"rendered":"<p>Pierwsze czytanie Polskiego \u0141adu czyli ustawy licz\u0105cej 259 stron i nowelizuj\u0105cej 26 ustaw trwa\u0142o w Sejmie RP 124 minuty. Drugie czytanie odby\u0142o si\u0119 ju\u017c 14 dni po pierwszym, a trzeciego czytania zaniechano. 1 pa\u017adziernika Sejm ustaw\u0119 uchwali\u0142 przyjmuj\u0105c jeszcze 29 poprawek. I tak Polski \u0141ad trafi\u0142 do Senatu. Zgodnie z kalendarzem Senatu RP prace plenarne&hellip;<a href=\"https:\/\/dt.com.pl\/adwokackimokiem\/2021\/10\/25\/polski-lad-w-senacie-rp-czyli-jak-poprawic-niepoprawialne\/\" class=\"more-link\">Continue reading <span class=\"screen-reader-text\">Polski \u0141ad w Senacie RP czyli jak poprawi\u0107 niepoprawialne.<\/span><\/a><\/p>\n","protected":false},"author":1,"featured_media":219,"comment_status":"closed","ping_status":"open","sticky":false,"template":"","format":"standard","meta":[],"categories":[1],"tags":[],"_links":{"self":[{"href":"https:\/\/dt.com.pl\/adwokackimokiem\/wp-json\/wp\/v2\/posts\/217"}],"collection":[{"href":"https:\/\/dt.com.pl\/adwokackimokiem\/wp-json\/wp\/v2\/posts"}],"about":[{"href":"https:\/\/dt.com.pl\/adwokackimokiem\/wp-json\/wp\/v2\/types\/post"}],"author":[{"embeddable":true,"href":"https:\/\/dt.com.pl\/adwokackimokiem\/wp-json\/wp\/v2\/users\/1"}],"replies":[{"embeddable":true,"href":"https:\/\/dt.com.pl\/adwokackimokiem\/wp-json\/wp\/v2\/comments?post=217"}],"version-history":[{"count":2,"href":"https:\/\/dt.com.pl\/adwokackimokiem\/wp-json\/wp\/v2\/posts\/217\/revisions"}],"predecessor-version":[{"id":220,"href":"https:\/\/dt.com.pl\/adwokackimokiem\/wp-json\/wp\/v2\/posts\/217\/revisions\/220"}],"wp:featuredmedia":[{"embeddable":true,"href":"https:\/\/dt.com.pl\/adwokackimokiem\/wp-json\/wp\/v2\/media\/219"}],"wp:attachment":[{"href":"https:\/\/dt.com.pl\/adwokackimokiem\/wp-json\/wp\/v2\/media?parent=217"}],"wp:term":[{"taxonomy":"category","embeddable":true,"href":"https:\/\/dt.com.pl\/adwokackimokiem\/wp-json\/wp\/v2\/categories?post=217"},{"taxonomy":"post_tag","embeddable":true,"href":"https:\/\/dt.com.pl\/adwokackimokiem\/wp-json\/wp\/v2\/tags?post=217"}],"curies":[{"name":"wp","href":"https:\/\/api.w.org\/{rel}","templated":true}]}}