{"id":176,"date":"2021-03-31T13:36:32","date_gmt":"2021-03-31T11:36:32","guid":{"rendered":"https:\/\/dt.com.pl\/adwokackimokiem\/?p=176"},"modified":"2021-04-01T11:02:33","modified_gmt":"2021-04-01T09:02:33","slug":"z-zycia-adwokatury-notatka-w-przerwie-zjazdu","status":"publish","type":"post","link":"https:\/\/dt.com.pl\/adwokackimokiem\/2021\/03\/31\/z-zycia-adwokatury-notatka-w-przerwie-zjazdu\/","title":{"rendered":"Z \u017cycia adwokatury: notatka w przerwie Zjazdu"},"content":{"rendered":"\n<p>19 marca 2021 roku Krajowy Zjazd Adwokatury obraduj\u0105c on-line udzieli\u0142 absolutorium Naczelnej Radzie Adwokackiej i wybra\u0142 nowe w\u0142adze. Obrady zosta\u0142y przerwane do 17 wrze\u015bnia z nadziej\u0105, i\u017c dalej b\u0119d\u0105 mog\u0142y odbywa\u0107 si\u0119 ju\u017c w tradycyjny spos\u00f3b. Adwokatura ma zatem za sob\u0105 wybory, a przed sob\u0105 dyskusj\u0119 programow\u0105. Na stanowisko Prezesa NRA kandydowa\u0142o pi\u0119cioro adwokat\u00f3w otrzymuj\u0105c w pierwszym g\u0142osowaniu odpowiednio 6, 28, 42, 113 i 137 g\u0142os\u00f3w, co potwierdzi\u0142o przypuszczenia, \u017ce liczy si\u0119 tylko dw\u00f3ch kandydat\u00f3w, kt\u00f3rzy najci\u0119\u017cej pracowali pozyskuj\u0105c g\u0142osy w 24 izbach \u2013 Profesor i Prezydent. Dotychczasowy prezes \u2013 Stary Kr\u00f3l otrzyma\u0142 42 g\u0142osy, co nie \u015bwiadczy dobrze o jego doradcach, kt\u00f3rzy powinni byli \u2013 cho\u0107by przez szacunek dla majestatu \u2013 ostrzec i powstrzyma\u0107 Kr\u00f3la od ponownego kandydowania. W drugim, decyduj\u0105cym g\u0142osowaniu Prezydent zmierzy\u0142 si\u0119 z Profesorem i wygra\u0142 r\u00f3\u017cnic\u0105 19 g\u0142os\u00f3w na 327 g\u0142os\u00f3w prawid\u0142owo oddanych. Opcja profesorska tym razem przegra\u0142a, a wygra\u0142a m\u0142odo\u015b\u0107, cho\u0107 wspomagana dojrza\u0142o\u015bci\u0105 starych. Prezydenta czekaj\u0105 cztery lata ci\u0119\u017ckiej pracy, ale jest w najlepszym okresie swego \u017cycia, aby temu wyzwaniu sprosta\u0107.<\/p>\n\n\n\n<p>W wyborach do Naczelnej Rady Adwokackiej wi\u0119kszo\u015b\u0107 stronnik\u00f3w Starego Kr\u00f3la zosta\u0142a wyeliminowana. Nast\u0119pnie, na pierwszym posiedzeniu NRA Ten, Kt\u00f3ry Porzuci\u0142 Starego Kr\u00f3la jeszcze przed zjazdem stawiaj\u0105c na innego kandydata, otrzyma\u0142 srog\u0105 odpraw\u0119 w wyborach do prezydium. Sk\u0142ad prezydium NRA mo\u017cna okre\u015bli\u0107 jako zr\u00f3wnowa\u017cony, co mo\u017ce prze\u0142o\u017cy\u0107 si\u0119 na efektywno\u015b\u0107 jego pracy. Wszystko odby\u0142o si\u0119 w mi\u0142ej, by nie powiedzie\u0107, serdecznej atmosferze, z nale\u017cyt\u0105 porcj\u0105 komplement\u00f3w i zapewnie\u0144 o wzajemnej \u017cyczliwo\u015bci.<\/p>\n","protected":false},"excerpt":{"rendered":"<p>19 marca 2021 roku Krajowy Zjazd Adwokatury obraduj\u0105c on-line udzieli\u0142 absolutorium Naczelnej Radzie Adwokackiej i wybra\u0142 nowe w\u0142adze. Obrady zosta\u0142y przerwane do 17 wrze\u015bnia z nadziej\u0105, i\u017c dalej b\u0119d\u0105 mog\u0142y odbywa\u0107 si\u0119 ju\u017c w tradycyjny spos\u00f3b. Adwokatura ma zatem za sob\u0105 wybory, a przed sob\u0105 dyskusj\u0119 programow\u0105. Na stanowisko Prezesa NRA kandydowa\u0142o pi\u0119cioro adwokat\u00f3w otrzymuj\u0105c&hellip;<a href=\"https:\/\/dt.com.pl\/adwokackimokiem\/2021\/03\/31\/z-zycia-adwokatury-notatka-w-przerwie-zjazdu\/\" class=\"more-link\">Continue reading <span class=\"screen-reader-text\">Z \u017cycia adwokatury: notatka w przerwie Zjazdu<\/span><\/a><\/p>\n","protected":false},"author":1,"featured_media":178,"comment_status":"closed","ping_status":"open","sticky":false,"template":"","format":"standard","meta":[],"categories":[1],"tags":[],"_links":{"self":[{"href":"https:\/\/dt.com.pl\/adwokackimokiem\/wp-json\/wp\/v2\/posts\/176"}],"collection":[{"href":"https:\/\/dt.com.pl\/adwokackimokiem\/wp-json\/wp\/v2\/posts"}],"about":[{"href":"https:\/\/dt.com.pl\/adwokackimokiem\/wp-json\/wp\/v2\/types\/post"}],"author":[{"embeddable":true,"href":"https:\/\/dt.com.pl\/adwokackimokiem\/wp-json\/wp\/v2\/users\/1"}],"replies":[{"embeddable":true,"href":"https:\/\/dt.com.pl\/adwokackimokiem\/wp-json\/wp\/v2\/comments?post=176"}],"version-history":[{"count":2,"href":"https:\/\/dt.com.pl\/adwokackimokiem\/wp-json\/wp\/v2\/posts\/176\/revisions"}],"predecessor-version":[{"id":179,"href":"https:\/\/dt.com.pl\/adwokackimokiem\/wp-json\/wp\/v2\/posts\/176\/revisions\/179"}],"wp:featuredmedia":[{"embeddable":true,"href":"https:\/\/dt.com.pl\/adwokackimokiem\/wp-json\/wp\/v2\/media\/178"}],"wp:attachment":[{"href":"https:\/\/dt.com.pl\/adwokackimokiem\/wp-json\/wp\/v2\/media?parent=176"}],"wp:term":[{"taxonomy":"category","embeddable":true,"href":"https:\/\/dt.com.pl\/adwokackimokiem\/wp-json\/wp\/v2\/categories?post=176"},{"taxonomy":"post_tag","embeddable":true,"href":"https:\/\/dt.com.pl\/adwokackimokiem\/wp-json\/wp\/v2\/tags?post=176"}],"curies":[{"name":"wp","href":"https:\/\/api.w.org\/{rel}","templated":true}]}}