{"id":152,"date":"2021-02-05T16:09:47","date_gmt":"2021-02-05T15:09:47","guid":{"rendered":"https:\/\/dt.com.pl\/adwokackimokiem\/?p=152"},"modified":"2021-02-05T16:16:41","modified_gmt":"2021-02-05T15:16:41","slug":"adwokaci-szykujcie-sie-na-nowa-sadowa-rzeczywistosc","status":"publish","type":"post","link":"https:\/\/dt.com.pl\/adwokackimokiem\/2021\/02\/05\/adwokaci-szykujcie-sie-na-nowa-sadowa-rzeczywistosc\/","title":{"rendered":"Adwokaci, szykujcie si\u0119 na now\u0105 s\u0105dow\u0105 rzeczywisto\u015b\u0107!"},"content":{"rendered":"\n<p>Ministerstwo Sprawiedliwo\u015bci przygotowa\u0142o w\u0142a\u015bnie projekt ustawy o zmianie ustawy \u2013 Kodeks post\u0119powania cywilnego oraz niekt\u00f3rych innych ustaw. Zmiany maj\u0105 dotyczy\u0107 m.in. ustawy o obligacjach, ustawy o Krajowym Rejestrze S\u0105dowym, ustawy o przeciwdzia\u0142aniu praniu pieni\u0119dzy oraz finansowaniu terroryzmu, ustawy o komornikach s\u0105dowych, Kodeksu sp\u00f3\u0142ek handlowych, Kodeksu post\u0119powania cywilnego i Prawa konsularnego.<\/p>\n\n\n\n<p>Zgodnie z art. 9 projektowanej ustawy w ustawie z dnia 2 marca 2020 r. o szczeg\u00f3lnych rozwi\u0105zaniach zwi\u0105zanych z&nbsp;zapobieganiem, przeciwdzia\u0142aniem i zwalczaniem COVID-19, innych chor\u00f3b zaka\u017anych oraz wywo\u0142anych nimi sytuacji kryzysowych artyku\u0142y 15zzs<sup>1 <\/sup>&nbsp;ust. 1 art. 15zzs<sup>9 <\/sup>tej ustawy maj\u0105 otrzyma\u0107 brzmienie:<\/p>\n\n\n\n<p><em>\u201eArt. 15zzs<sup>1<\/sup>. 1. W okresie obowi\u0105zywania stanu zagro\u017cenia epidemicznego albo stanu epidemii og\u0142oszonego z powodu COVID-19 oraz w ci\u0105gu roku od odwo\u0142ania ostatniego z nich, <a>w sprawach rozpoznawanych wed\u0142ug przepis\u00f3w ustawy z dnia 17&nbsp;listopada 1964 r. \u2013 Kodeks post\u0119powania cywilnego, zwanej dalej \u201eKodeksem post\u0119powania cywilnego\u201d:<\/a><\/em><\/p>\n\n\n\n<p><em>1)&nbsp;&nbsp;&nbsp;&nbsp; rozpraw\u0119 lub posiedzenie jawne przeprowadza si\u0119 przy u\u017cyciu urz\u0105dze\u0144 technicznych umo\u017cliwiaj\u0105cych przeprowadzenie ich na odleg\u0142o\u015b\u0107 z jednoczesnym bezpo\u015brednim przekazem obrazu i d\u017awi\u0119ku, z tym \u017ce osoby w nich uczestnicz\u0105ce nie musz\u0105 przebywa\u0107 w budynku s\u0105du;<\/em><\/p>\n\n\n\n<p><em>2)&nbsp;&nbsp;&nbsp;&nbsp; <strong>przewodnicz\u0105cy mo\u017ce zarz\u0105dzi\u0107 przeprowadzenie posiedzenia niejawnego, gdy nie mo\u017cna przeprowadzi\u0107 rozprawy lub posiedzenia jawnego na odleg\u0142o\u015b\u0107 z&nbsp;jednoczesnym bezpo\u015brednim przekazem obrazu i d\u017awi\u0119ku<\/strong>;<\/em><\/p>\n\n\n\n<p><em>3)&nbsp;&nbsp;&nbsp;&nbsp; <strong>w pierwszej i drugiej instancji s\u0105d rozpoznaje sprawy w sk\u0142adzie jednego s\u0119dziego;<\/strong> prezes s\u0105du mo\u017ce zarz\u0105dzi\u0107 rozpoznanie sprawy w sk\u0142adzie trzech s\u0119dzi\u00f3w, je\u017celi uzna to za wskazane ze wzgl\u0119du na szczeg\u00f3ln\u0105 zawi\u0142o\u015b\u0107 lub precedensowy charakter sprawy.<\/em><\/p>\n\n\n\n<p><em>2. Od przeprowadzenia rozprawy lub posiedzenia jawnego w spos\u00f3b przewidziany w ust. 1 pkt 1 mo\u017cna odst\u0105pi\u0107 tylko w przypadku, je\u017celi rozpoznanie sprawy na rozprawie lub posiedzeniu jawnym jest konieczne, a odbycie posiedzenia w budynku s\u0105du nie wywo\u0142a nadmiernego zagro\u017cenia dla zdrowia os\u00f3b w nim uczestnicz\u0105cych.\u201d<\/em><\/p>\n\n\n\n<p><\/p>\n\n\n\n<p><\/p>\n\n\n\n<p><\/p>\n\n\n\n<p><em>Art. 15zzs<sup>9<\/sup>. 1. W okresie obowi\u0105zywania stanu zagro\u017cenia epidemicznego lub stanu epidemii og\u0142oszonego z powodu COVID-19 oraz w ci\u0105gu roku od odwo\u0142ania ostatniego z nich w sprawach wymienionych w art. 15zzs<sup>1<\/sup> <strong>pierwsze pismo procesowe wnoszone przez adwokata, radc\u0119 prawnego, rzecznika patentowego albo Prokuratori\u0119 Generaln\u0105 Rzeczypospolitej Polskiej powinno zawiera\u0107 adres s\u0142u\u017cbowej poczty elektronicznej i\u00a0numer telefonu.<\/strong><\/em><\/p>\n\n\n\n<p><em>2. W braku mo\u017cliwo\u015bci wykorzystania systemu <a>teleinformatycznego <strong>cyfrowe odwzorowania pism procesowych, zawiadomie\u0144, wezwa\u0144 i orzecze\u0144 <\/strong><\/a><strong>s\u0105d dor\u0119cza<\/strong>adwokatowi, radcy prawnemu, rzecznikowi patentowemu lub Prokuratorii Generalnej Rzeczypospolitej Polskiej <strong>na wskazany adres s\u0142u\u017cbowej poczty elektronicznej<\/strong>.<\/em><\/p>\n\n\n\n<p><em>3. <strong>Cyfrowe odwzorowania pism procesowych, zawiadomie\u0144, wezwa\u0144 i orzecze\u0144 uznaje si\u0119 za dor\u0119czone w nast\u0119pnym dniu roboczym od chwili wprowadzenia ich przez s\u0105d do \u015brodka komunikacji elektronicznej w taki spos\u00f3b, \u017ceby adresat m\u00f3g\u0142 zapozna\u0107 si\u0119 z jego tre\u015bci\u0105.<\/strong><\/em><\/p>\n\n\n\n<p><em>4. <strong>Dor\u0119czenie, o kt\u00f3rym mowa w ust. 1\u20133, wywo\u0142uje skutki procesowe okre\u015blone w&nbsp;Kodeksie post\u0119powania cywilnego w\u0142a\u015bciwe dla dor\u0119czenia odpisu pisma procesowego, zawiadomienia, wezwania lub odpisu orzeczenia.<\/strong><\/em><\/p>\n\n\n\n<p><\/p>\n\n\n\n<p><\/p>\n\n\n\n<p><\/p>\n\n\n\n<p>Art. 9 wchodzi w \u017cycie z dniem nast\u0119puj\u0105cym po dniu og\u0142oszenia ustawy. Zgodnie z art. 11 projektowanej ustawy przepisy ustawy zmienianej w art. 9 stosuje si\u0119 r\u00f3wnie\u017c do post\u0119powa\u0144 rozpoznawanych wed\u0142ug przepis\u00f3w ustawy z dnia 17 listopada 1964 r. \u2013 Kodeks post\u0119powania cywilnego wszcz\u0119tych i niezako\u0144czonych przed dniem jej wej\u015bcia w \u017cycie, a sprawy, kt\u00f3re przed wej\u015bciem w \u017cycie cytowanego art. 9 s\u0105d rozpoznawa\u0142 w sk\u0142adzie innym ni\u017c jednego s\u0119dziego, w dalszym ci\u0105gu prowadzone s\u0105 przez s\u0119dziego, kt\u00f3remu sprawa zosta\u0142a przydzielona jako referentowi, do zako\u0144czenia sprawy w\u00a0danej instancji.<\/p>\n\n\n\n<p><strong>Uzasadnienie projektowanych zmian zas\u0142uguje na odr\u0119bny wpis, kt\u00f3ry wkr\u00f3tce si\u0119 pojawi.<\/strong><\/p>\n","protected":false},"excerpt":{"rendered":"<p>Ministerstwo Sprawiedliwo\u015bci przygotowa\u0142o w\u0142a\u015bnie projekt ustawy o zmianie ustawy \u2013 Kodeks post\u0119powania cywilnego oraz niekt\u00f3rych innych ustaw. Zmiany maj\u0105 dotyczy\u0107 m.in. ustawy o obligacjach, ustawy o Krajowym Rejestrze S\u0105dowym, ustawy o przeciwdzia\u0142aniu praniu pieni\u0119dzy oraz finansowaniu terroryzmu, ustawy o komornikach s\u0105dowych, Kodeksu sp\u00f3\u0142ek handlowych, Kodeksu post\u0119powania cywilnego i Prawa konsularnego. Zgodnie z art. 9 projektowanej&hellip;<a href=\"https:\/\/dt.com.pl\/adwokackimokiem\/2021\/02\/05\/adwokaci-szykujcie-sie-na-nowa-sadowa-rzeczywistosc\/\" class=\"more-link\">Continue reading <span class=\"screen-reader-text\">Adwokaci, szykujcie si\u0119 na now\u0105 s\u0105dow\u0105 rzeczywisto\u015b\u0107!<\/span><\/a><\/p>\n","protected":false},"author":1,"featured_media":114,"comment_status":"closed","ping_status":"open","sticky":false,"template":"","format":"standard","meta":[],"categories":[1],"tags":[],"_links":{"self":[{"href":"https:\/\/dt.com.pl\/adwokackimokiem\/wp-json\/wp\/v2\/posts\/152"}],"collection":[{"href":"https:\/\/dt.com.pl\/adwokackimokiem\/wp-json\/wp\/v2\/posts"}],"about":[{"href":"https:\/\/dt.com.pl\/adwokackimokiem\/wp-json\/wp\/v2\/types\/post"}],"author":[{"embeddable":true,"href":"https:\/\/dt.com.pl\/adwokackimokiem\/wp-json\/wp\/v2\/users\/1"}],"replies":[{"embeddable":true,"href":"https:\/\/dt.com.pl\/adwokackimokiem\/wp-json\/wp\/v2\/comments?post=152"}],"version-history":[{"count":7,"href":"https:\/\/dt.com.pl\/adwokackimokiem\/wp-json\/wp\/v2\/posts\/152\/revisions"}],"predecessor-version":[{"id":161,"href":"https:\/\/dt.com.pl\/adwokackimokiem\/wp-json\/wp\/v2\/posts\/152\/revisions\/161"}],"wp:featuredmedia":[{"embeddable":true,"href":"https:\/\/dt.com.pl\/adwokackimokiem\/wp-json\/wp\/v2\/media\/114"}],"wp:attachment":[{"href":"https:\/\/dt.com.pl\/adwokackimokiem\/wp-json\/wp\/v2\/media?parent=152"}],"wp:term":[{"taxonomy":"category","embeddable":true,"href":"https:\/\/dt.com.pl\/adwokackimokiem\/wp-json\/wp\/v2\/categories?post=152"},{"taxonomy":"post_tag","embeddable":true,"href":"https:\/\/dt.com.pl\/adwokackimokiem\/wp-json\/wp\/v2\/tags?post=152"}],"curies":[{"name":"wp","href":"https:\/\/api.w.org\/{rel}","templated":true}]}}