{"id":139,"date":"2020-12-23T12:08:34","date_gmt":"2020-12-23T11:08:34","guid":{"rendered":"https:\/\/dt.com.pl\/adwokackimokiem\/?p=139"},"modified":"2020-12-23T13:23:33","modified_gmt":"2020-12-23T12:23:33","slug":"objawy-zapasci","status":"publish","type":"post","link":"https:\/\/dt.com.pl\/adwokackimokiem\/2020\/12\/23\/objawy-zapasci\/","title":{"rendered":"Objawy zapa\u015bci"},"content":{"rendered":"\n<p>S\u0105d Okr\u0119gowy w Warszawie rozsy\u0142a do pe\u0142nomocnik\u00f3w powod\u00f3w \u201ezobowi\u0105zanie\u201d nast\u0119puj\u0105cej tre\u015bci:<\/p>\n\n\n\n<p class=\"has-text-align-center\"><br>ZOBOWI\u0104ZANIE<\/p>\n\n\n\n<p>S\u0105d Okr\u0119gowy w Warszawie (\u2026) Wydzia\u0142 Cywilny w sprawie z pow\u00f3dztwa(\u2026), (\u2026) przeciwko (\u2026) w Warszawie o zap\u0142at\u0119 i ustalenie zobowi\u0105zuje Pana jako pe\u0142nomocnika do wypowiedzenia si\u0119 w terminie 7 dni, dlaczego pozew nie zosta\u0142 z\u0142o\u017cony na podstawie art. 37<sup>2<\/sup> \u00a7 2 k.p.c. w s\u0105dzie w\u0142a\u015bciwym ze wzgl\u0119du na miejsce zamieszkania powod\u00f3w <strong>czy ta decyzja by\u0142a konsultowana z powodami, albowiem mo\u017ce by\u0107 uznana za sprzeczn\u0105 z ich interesami, gdy\u017c koszty ich dojazdu do s\u0105du na przes\u0142uchanie mog\u0105 w zwi\u0105zku z tym nie zosta\u0107 uznane za celowe<\/strong>, a nadto <strong>z uwagi na obci\u0105\u017cenie S\u0105du Okr\u0119gowego w Warszawie czas rozpoznania sprawy \u0142\u0105cznie z post\u0119powaniem apelacyjnym mo\u017ce wynie\u015b\u0107 ok. 5 lat<\/strong>.<\/p>\n\n\n\n<p><\/p>\n\n\n\n<p>Z zasady nie komentuj\u0119 czynno\u015bci s\u0105du, dokona\u0142em zatem tylko pogrubienia czcionki dw\u00f3ch fragment\u00f3w \u201ezobowi\u0105zania\u201d i jego tre\u015b\u0107 pozostawiam bez komentarza. Zawodowych koleg\u00f3w prosz\u0119 o chwil\u0119 refleksji, r\u00f3wnie\u017c w kwestii, jak adwokat powinien S\u0105dowi odpowiedzie\u0107. <\/p>\n\n\n\n<p>Pogodnych \u015awi\u0105t!<\/p>\n","protected":false},"excerpt":{"rendered":"<p>S\u0105d Okr\u0119gowy w Warszawie rozsy\u0142a do pe\u0142nomocnik\u00f3w powod\u00f3w \u201ezobowi\u0105zanie\u201d nast\u0119puj\u0105cej tre\u015bci: ZOBOWI\u0104ZANIE S\u0105d Okr\u0119gowy w Warszawie (\u2026) Wydzia\u0142 Cywilny w sprawie z pow\u00f3dztwa(\u2026), (\u2026) przeciwko (\u2026) w Warszawie o zap\u0142at\u0119 i ustalenie zobowi\u0105zuje Pana jako pe\u0142nomocnika do wypowiedzenia si\u0119 w terminie 7 dni, dlaczego pozew nie zosta\u0142 z\u0142o\u017cony na podstawie art. 372 \u00a7 2 k.p.c.&hellip;<a href=\"https:\/\/dt.com.pl\/adwokackimokiem\/2020\/12\/23\/objawy-zapasci\/\" class=\"more-link\">Continue reading <span class=\"screen-reader-text\">Objawy zapa\u015bci<\/span><\/a><\/p>\n","protected":false},"author":1,"featured_media":144,"comment_status":"closed","ping_status":"open","sticky":false,"template":"","format":"standard","meta":[],"categories":[1],"tags":[],"_links":{"self":[{"href":"https:\/\/dt.com.pl\/adwokackimokiem\/wp-json\/wp\/v2\/posts\/139"}],"collection":[{"href":"https:\/\/dt.com.pl\/adwokackimokiem\/wp-json\/wp\/v2\/posts"}],"about":[{"href":"https:\/\/dt.com.pl\/adwokackimokiem\/wp-json\/wp\/v2\/types\/post"}],"author":[{"embeddable":true,"href":"https:\/\/dt.com.pl\/adwokackimokiem\/wp-json\/wp\/v2\/users\/1"}],"replies":[{"embeddable":true,"href":"https:\/\/dt.com.pl\/adwokackimokiem\/wp-json\/wp\/v2\/comments?post=139"}],"version-history":[{"count":2,"href":"https:\/\/dt.com.pl\/adwokackimokiem\/wp-json\/wp\/v2\/posts\/139\/revisions"}],"predecessor-version":[{"id":142,"href":"https:\/\/dt.com.pl\/adwokackimokiem\/wp-json\/wp\/v2\/posts\/139\/revisions\/142"}],"wp:featuredmedia":[{"embeddable":true,"href":"https:\/\/dt.com.pl\/adwokackimokiem\/wp-json\/wp\/v2\/media\/144"}],"wp:attachment":[{"href":"https:\/\/dt.com.pl\/adwokackimokiem\/wp-json\/wp\/v2\/media?parent=139"}],"wp:term":[{"taxonomy":"category","embeddable":true,"href":"https:\/\/dt.com.pl\/adwokackimokiem\/wp-json\/wp\/v2\/categories?post=139"},{"taxonomy":"post_tag","embeddable":true,"href":"https:\/\/dt.com.pl\/adwokackimokiem\/wp-json\/wp\/v2\/tags?post=139"}],"curies":[{"name":"wp","href":"https:\/\/api.w.org\/{rel}","templated":true}]}}