{"id":127,"date":"2020-12-07T13:15:37","date_gmt":"2020-12-07T12:15:37","guid":{"rendered":"https:\/\/dt.com.pl\/adwokackimokiem\/?p=127"},"modified":"2020-12-07T13:20:19","modified_gmt":"2020-12-07T12:20:19","slug":"jeszcze-o-sztuce-legislacji","status":"publish","type":"post","link":"https:\/\/dt.com.pl\/adwokackimokiem\/2020\/12\/07\/jeszcze-o-sztuce-legislacji\/","title":{"rendered":"Jeszcze o sztuce legislacji"},"content":{"rendered":"\n<p>Jak poda\u0142em w poprzednim po\u015bcie \u2013 w Dzienniku Ustaw z 28 listopada 2020r. opublikowano jednocze\u015bnie dwie kolejne \u201eustawy covidowe\u201d \u2013 pod pozycj\u0105 2112 ustaw\u0119 z 28 pa\u017adziernika 2020r. i pod pozycj\u0105 2113 ustaw\u0119 p\u00f3\u017aniejsz\u0105, cho\u0107 datowan\u0105 na ten sam dzie\u0144 tj. 28 pa\u017adziernika 2020r. Szczeg\u00f3\u0142y maj\u0105 si\u0119 nast\u0119puj\u0105co: Trzecie czytanie drugiej z wymienionych ustaw (poz. 2113) &nbsp;mia\u0142o miejsce 28 pa\u017adziernika 2020 roku na 20. posiedzeniu sejmu, jej data jest zatem podana prawid\u0142owo. Rzecz w tym, \u017ce trzecie czytanie (decyduj\u0105ce zgodnie z art. 119 i art. 121 Konstytucji RP) &nbsp;pierwszej z nich (poz. 2112) odby\u0142o si\u0119 nie 28 pa\u017adziernika, ale 22 pa\u017adziernika 2020 roku na 19, a nie na 20. posiedzeniu sejmu (vide: <a href=\"https:\/\/www.sejm.gov.pl\/Sejm9.nsf\/PrzebiegProc.xsp?id=F2D65990729B3B74C1258606005106BB\">https:\/\/www.sejm.gov.pl\/Sejm9.nsf\/PrzebiegProc.xsp?id=F2D65990729B3B74C1258606005106BB<\/a>), a zatem ustawa ta powinna by\u0107 datowana na 22 pa\u017adziernika, a nie na 28 pa\u017adziernika 2020 roku.<\/p>\n\n\n\n<p>Dlaczego publikowana w Dzienniku Ustaw RP pod pozycj\u0105 2112 <em>ustawa o zmianie niekt\u00f3rych ustaw w zwi\u0105zku z przeciwdzia\u0142aniem sytuacjom kryzysowym zwi\u0105zanym z wyst\u0105pieniem COVID-19<\/em> jest nieprawid\u0142owo datowana na 28, a nie 22 pa\u017adziernika 2020 roku? Znowu b\u0142\u0105d ustawodawcy czy celowe dzia\u0142anie polityk\u00f3w?<\/p>\n","protected":false},"excerpt":{"rendered":"<p>Jak poda\u0142em w poprzednim po\u015bcie \u2013 w Dzienniku Ustaw z 28 listopada 2020r. opublikowano jednocze\u015bnie dwie kolejne \u201eustawy covidowe\u201d \u2013 pod pozycj\u0105 2112 ustaw\u0119 z 28 pa\u017adziernika 2020r. i pod pozycj\u0105 2113 ustaw\u0119 p\u00f3\u017aniejsz\u0105, cho\u0107 datowan\u0105 na ten sam dzie\u0144 tj. 28 pa\u017adziernika 2020r. Szczeg\u00f3\u0142y maj\u0105 si\u0119 nast\u0119puj\u0105co: Trzecie czytanie drugiej z wymienionych ustaw (poz.&hellip;<a href=\"https:\/\/dt.com.pl\/adwokackimokiem\/2020\/12\/07\/jeszcze-o-sztuce-legislacji\/\" class=\"more-link\">Continue reading <span class=\"screen-reader-text\">Jeszcze o sztuce legislacji<\/span><\/a><\/p>\n","protected":false},"author":1,"featured_media":129,"comment_status":"closed","ping_status":"open","sticky":false,"template":"","format":"standard","meta":[],"categories":[1],"tags":[],"_links":{"self":[{"href":"https:\/\/dt.com.pl\/adwokackimokiem\/wp-json\/wp\/v2\/posts\/127"}],"collection":[{"href":"https:\/\/dt.com.pl\/adwokackimokiem\/wp-json\/wp\/v2\/posts"}],"about":[{"href":"https:\/\/dt.com.pl\/adwokackimokiem\/wp-json\/wp\/v2\/types\/post"}],"author":[{"embeddable":true,"href":"https:\/\/dt.com.pl\/adwokackimokiem\/wp-json\/wp\/v2\/users\/1"}],"replies":[{"embeddable":true,"href":"https:\/\/dt.com.pl\/adwokackimokiem\/wp-json\/wp\/v2\/comments?post=127"}],"version-history":[{"count":1,"href":"https:\/\/dt.com.pl\/adwokackimokiem\/wp-json\/wp\/v2\/posts\/127\/revisions"}],"predecessor-version":[{"id":128,"href":"https:\/\/dt.com.pl\/adwokackimokiem\/wp-json\/wp\/v2\/posts\/127\/revisions\/128"}],"wp:featuredmedia":[{"embeddable":true,"href":"https:\/\/dt.com.pl\/adwokackimokiem\/wp-json\/wp\/v2\/media\/129"}],"wp:attachment":[{"href":"https:\/\/dt.com.pl\/adwokackimokiem\/wp-json\/wp\/v2\/media?parent=127"}],"wp:term":[{"taxonomy":"category","embeddable":true,"href":"https:\/\/dt.com.pl\/adwokackimokiem\/wp-json\/wp\/v2\/categories?post=127"},{"taxonomy":"post_tag","embeddable":true,"href":"https:\/\/dt.com.pl\/adwokackimokiem\/wp-json\/wp\/v2\/tags?post=127"}],"curies":[{"name":"wp","href":"https:\/\/api.w.org\/{rel}","templated":true}]}}