{"id":124,"date":"2020-12-03T14:46:58","date_gmt":"2020-12-03T13:46:58","guid":{"rendered":"https:\/\/dt.com.pl\/adwokackimokiem\/?p=124"},"modified":"2020-12-03T14:47:30","modified_gmt":"2020-12-03T13:47:30","slug":"dwa-artykuly-48a-czy-traktujemy-sie-powaznie","status":"publish","type":"post","link":"https:\/\/dt.com.pl\/adwokackimokiem\/2020\/12\/03\/dwa-artykuly-48a-czy-traktujemy-sie-powaznie\/","title":{"rendered":"Dwa artyku\u0142y 48a \u2013 czy traktujemy si\u0119 powa\u017cnie?"},"content":{"rendered":"\n<p>W Dzienniku Ustaw z 28 listopada 2020r. opublikowano jednocze\u015bnie dwie kolejne \u201eustawy covidowe\u201d \u2013 pod pozycj\u0105 2112 ustaw\u0119 z 28 pa\u017adziernika 2020r. i pod pozycj\u0105 2113 ustaw\u0119 p\u00f3\u017aniejsz\u0105, cho\u0107 datowan\u0105 na ten sam dzie\u0144 tj. 28 pa\u017adziernika. Jak donosi prasa, publikacj\u0119 ustawy przyj\u0119tej wcze\u015bniej op\u00f3\u017aniono, \u017ceby zd\u0105\u017cy\u0107 z jej \u201epoprawieniem\u201d niezb\u0119dnym po \u201eposelskich b\u0142\u0119dach w g\u0142osowaniu\u201d. Op\u00f3\u017anienie publikacji pozostawi\u0119 bez komentarza jako prawdopodobny delikt konstytucyjny. Nie zamierzam te\u017c pochyla\u0107 si\u0119 nad losem tych medyk\u00f3w, kt\u00f3rym najpierw przyznano, a potem odebrano dodatkowe wynagrodzenie, bo \u2013 cho\u0107 mi ich szkoda &#8211; s\u0105 na to inne fora. Zamierzam uroni\u0107 \u0142z\u0119 nad polskim ustawodawc\u0105, kt\u00f3ry sprawia teraz wra\u017cenie nie tylko nieprzewidywalnego, ale i nieuwa\u017cnego.<\/p>\n\n\n\n<p>Oto bowiem \u2013 troska o pozbawienie medyk\u00f3w podstawy prawnej do uzyskania dodatkowego wynagrodzenia tak zaj\u0119\u0142a ustawodawc\u0119, \u017ce w zmienianej wci\u0105\u017c ustawie z 5 grudnia 2008 roku o zapobieganiu oraz zwalczaniu zaka\u017ce\u0144 i chor\u00f3b zaka\u017anych u ludzi pozostawiono dwa r\u00f3\u017cne artyku\u0142y 48a \u2013 jeden przewiduj\u0105cy kary pieni\u0119\u017cne za niestosowanie si\u0119 do nakaz\u00f3w, zakaz\u00f3w lub ogranicze\u0144 w stanie zagro\u017cenia epidemicznego lub stanu epidemii, i drugi \u2013 o pobieraniu materia\u0142u z g\u00f3rnych dr\u00f3g oddechowych w celu wykonania testu diagnostycznego. Nie wiemy, czy obowi\u0105zuje tylko jeden z nich (p\u00f3\u017aniejszy?), czy obowi\u0105zuj\u0105 obydwa? Wszyscy ukarani na podstawie art. 48a mog\u0105 teraz argumentowa\u0107, \u017ce <em>de lege<\/em> lata do wystawienia mandatu czy wymierzenia kary nie ma podstawy prawnej. Stan niepewno\u015bci godzi nie tylko w bezpiecze\u0144stwo obrotu prawnego, ale przede w zwyk\u0142ych ludzi. Rzecz\u0105 praktyk\u00f3w: s\u0119dzi\u00f3w, adwokat\u00f3w, radc\u00f3w prawnych, jak i policjant\u00f3w czy prokurator\u00f3w jest stosowa\u0107 prawo. Aby to nale\u017cycie czyni\u0107, trzeba wszak\u017ce mie\u0107 pewno\u015b\u0107, czy i jakie prawo obowi\u0105zuje.<\/p>\n\n\n\n<p>Ka\u017cdy obywatel, a podatnik w szczeg\u00f3lno\u015bci ma prawo oczekiwa\u0107, by jego Pa\u0144stwo traktowa\u0142o go powa\u017cnie, a ustawodawca by\u0142 racjonalny. Drodzy Wybra\u0144cy Narodu, wykonywanie mandatu poselskiego to nie tylko wpatrywanie si\u0119 w \u0142opoc\u0105ce flagi na uroczysto\u015bciach i b\u0142yskotliwe polemiki, ale przede wszystkim rzetelna praca legislacyjna. A tego w tym przypadku zabrak\u0142o.<\/p>\n","protected":false},"excerpt":{"rendered":"<p>W Dzienniku Ustaw z 28 listopada 2020r. opublikowano jednocze\u015bnie dwie kolejne \u201eustawy covidowe\u201d \u2013 pod pozycj\u0105 2112 ustaw\u0119 z 28 pa\u017adziernika 2020r. i pod pozycj\u0105 2113 ustaw\u0119 p\u00f3\u017aniejsz\u0105, cho\u0107 datowan\u0105 na ten sam dzie\u0144 tj. 28 pa\u017adziernika. Jak donosi prasa, publikacj\u0119 ustawy przyj\u0119tej wcze\u015bniej op\u00f3\u017aniono, \u017ceby zd\u0105\u017cy\u0107 z jej \u201epoprawieniem\u201d niezb\u0119dnym po \u201eposelskich b\u0142\u0119dach w&hellip;<a href=\"https:\/\/dt.com.pl\/adwokackimokiem\/2020\/12\/03\/dwa-artykuly-48a-czy-traktujemy-sie-powaznie\/\" class=\"more-link\">Continue reading <span class=\"screen-reader-text\">Dwa artyku\u0142y 48a \u2013 czy traktujemy si\u0119 powa\u017cnie?<\/span><\/a><\/p>\n","protected":false},"author":1,"featured_media":126,"comment_status":"closed","ping_status":"open","sticky":false,"template":"","format":"standard","meta":[],"categories":[1],"tags":[],"_links":{"self":[{"href":"https:\/\/dt.com.pl\/adwokackimokiem\/wp-json\/wp\/v2\/posts\/124"}],"collection":[{"href":"https:\/\/dt.com.pl\/adwokackimokiem\/wp-json\/wp\/v2\/posts"}],"about":[{"href":"https:\/\/dt.com.pl\/adwokackimokiem\/wp-json\/wp\/v2\/types\/post"}],"author":[{"embeddable":true,"href":"https:\/\/dt.com.pl\/adwokackimokiem\/wp-json\/wp\/v2\/users\/1"}],"replies":[{"embeddable":true,"href":"https:\/\/dt.com.pl\/adwokackimokiem\/wp-json\/wp\/v2\/comments?post=124"}],"version-history":[{"count":1,"href":"https:\/\/dt.com.pl\/adwokackimokiem\/wp-json\/wp\/v2\/posts\/124\/revisions"}],"predecessor-version":[{"id":125,"href":"https:\/\/dt.com.pl\/adwokackimokiem\/wp-json\/wp\/v2\/posts\/124\/revisions\/125"}],"wp:featuredmedia":[{"embeddable":true,"href":"https:\/\/dt.com.pl\/adwokackimokiem\/wp-json\/wp\/v2\/media\/126"}],"wp:attachment":[{"href":"https:\/\/dt.com.pl\/adwokackimokiem\/wp-json\/wp\/v2\/media?parent=124"}],"wp:term":[{"taxonomy":"category","embeddable":true,"href":"https:\/\/dt.com.pl\/adwokackimokiem\/wp-json\/wp\/v2\/categories?post=124"},{"taxonomy":"post_tag","embeddable":true,"href":"https:\/\/dt.com.pl\/adwokackimokiem\/wp-json\/wp\/v2\/tags?post=124"}],"curies":[{"name":"wp","href":"https:\/\/api.w.org\/{rel}","templated":true}]}}