{"id":112,"date":"2020-10-12T10:41:23","date_gmt":"2020-10-12T08:41:23","guid":{"rendered":"https:\/\/dt.com.pl\/adwokackimokiem\/?p=112"},"modified":"2020-10-12T10:43:39","modified_gmt":"2020-10-12T08:43:39","slug":"pytania-do-kandydatow-na-stanowisko-prezesa-naczelnej-rady-adwokackiej","status":"publish","type":"post","link":"https:\/\/dt.com.pl\/adwokackimokiem\/2020\/10\/12\/pytania-do-kandydatow-na-stanowisko-prezesa-naczelnej-rady-adwokackiej\/","title":{"rendered":"Pytania do kandydat\u00f3w na stanowisko Prezesa Naczelnej Rady Adwokackiej."},"content":{"rendered":"\n<p>Termin Krajowego Zjazdu Adwokatury zosta\u0142 przesuni\u0119ty z listopada 2020 roku na marzec przysz\u0142ego roku. Wydaje si\u0119, \u017ce Naczelna Rada Adwokacka wybra\u0142a takie rozwi\u0105zanie, odmienne ni\u017c u radc\u00f3w prawnych, przede wszystkim wobec braku pewno\u015bci, i\u017c do listopada we wszystkich izbach odby\u0142yby si\u0119 zgromadzenia niezb\u0119dne do wyboru&nbsp;delegat\u00f3w&nbsp;na zjazd.<\/p>\n\n\n\n<p>Mamy zatem pi\u0119\u0107 miesi\u0119cy do wybor\u00f3w prezesa Naczelnej Rady Adwokackiej i &#8211; jak si\u0119 wydaje &#8211; trzech kandydat\u00f3w: dotychczasowego prezesa &#8211; Jacka Trel\u0119, redaktora naczelnego &#8222;Palestry&#8221;, profesora nauk prawnych i dziekana z Poznania &#8211; Macieja Gutowskiego i cz\u0142onka NRA obecnej kadencji &#8211; Przemys\u0142awa Rosati. Wszyscy trzej wymienieni adwokaci s\u0105 cz\u0142onkami Naczelnej Rady Adwokackiej i do\u015bwiadczonymi (cho\u0107 z r\u00f3\u017cnym sta\u017cem) dzia\u0142aczami samorz\u0105dowymi, mog\u0119 zatem jako potencjalny delegat na zjazd i ich wyborca zada\u0107 im trzy nast\u0119puj\u0105ce pytania:<\/p>\n\n\n\n<ol type=\"1\"><li>co Pan zrobi\u0142, aby adwokaci opodatkowani rycza\u0142towo z tytu\u0142u wykonywania wolnego zawodu nie p\u0142acili wy\u017cszego o 2% podatku ni\u017c osoby bez zawodowych uprawnie\u0144 za \u015bwiadczenie us\u0142ug prawnych (vide: poprzedni post)?<\/li><li>czy jest Pan za przymusem adwokackim w sprawach cywilnych w s\u0105dach okr\u0119gowych i apelacyjnych, a je\u015bli tak, to jakie dzia\u0142ania Pan podj\u0105\u0142 na rzecz wprowadzenia takiego przymusu?<\/li><li>jakie dzia\u0142ania Pan podj\u0105\u0142 b\u0105d\u017a zainicjowa\u0142 w celu podwy\u017cszenia stawek wynagrodzenia adwokackiego za prowadzenie spraw z urz\u0119du?<\/li><\/ol>\n\n\n\n<p>Na usta ci\u015bnie si\u0119 znacznie wi\u0119cej pyta\u0144 np. o reakcj\u0119 kandydat\u00f3w na zmiany procedury cywilnej, na&nbsp;drako\u0144skie podwy\u017cszenie op\u0142at s\u0105dowych, na&nbsp;podw\u00f3jne opodatkowanie popularnej w\u015br\u00f3d prawnik\u00f3w sp\u00f3\u0142ki komandytowej czy na znacz\u0105ce utrudnienia wykonywania zawodu w s\u0105dach. Oby mo\u017cna by\u0142o je postawi\u0107 nie tylko online, ale i w tzw. realu.<\/p>\n","protected":false},"excerpt":{"rendered":"<p>Termin Krajowego Zjazdu Adwokatury zosta\u0142 przesuni\u0119ty z listopada 2020 roku na marzec przysz\u0142ego roku. Wydaje si\u0119, \u017ce Naczelna Rada Adwokacka wybra\u0142a takie rozwi\u0105zanie, odmienne ni\u017c u radc\u00f3w prawnych, przede wszystkim wobec braku pewno\u015bci, i\u017c do listopada we wszystkich izbach odby\u0142yby si\u0119 zgromadzenia niezb\u0119dne do wyboru&nbsp;delegat\u00f3w&nbsp;na zjazd. Mamy zatem pi\u0119\u0107 miesi\u0119cy do wybor\u00f3w prezesa Naczelnej Rady&hellip;<a href=\"https:\/\/dt.com.pl\/adwokackimokiem\/2020\/10\/12\/pytania-do-kandydatow-na-stanowisko-prezesa-naczelnej-rady-adwokackiej\/\" class=\"more-link\">Continue reading <span class=\"screen-reader-text\">Pytania do kandydat\u00f3w na stanowisko Prezesa Naczelnej Rady Adwokackiej.<\/span><\/a><\/p>\n","protected":false},"author":1,"featured_media":114,"comment_status":"closed","ping_status":"open","sticky":false,"template":"","format":"standard","meta":[],"categories":[1],"tags":[],"_links":{"self":[{"href":"https:\/\/dt.com.pl\/adwokackimokiem\/wp-json\/wp\/v2\/posts\/112"}],"collection":[{"href":"https:\/\/dt.com.pl\/adwokackimokiem\/wp-json\/wp\/v2\/posts"}],"about":[{"href":"https:\/\/dt.com.pl\/adwokackimokiem\/wp-json\/wp\/v2\/types\/post"}],"author":[{"embeddable":true,"href":"https:\/\/dt.com.pl\/adwokackimokiem\/wp-json\/wp\/v2\/users\/1"}],"replies":[{"embeddable":true,"href":"https:\/\/dt.com.pl\/adwokackimokiem\/wp-json\/wp\/v2\/comments?post=112"}],"version-history":[{"count":1,"href":"https:\/\/dt.com.pl\/adwokackimokiem\/wp-json\/wp\/v2\/posts\/112\/revisions"}],"predecessor-version":[{"id":113,"href":"https:\/\/dt.com.pl\/adwokackimokiem\/wp-json\/wp\/v2\/posts\/112\/revisions\/113"}],"wp:featuredmedia":[{"embeddable":true,"href":"https:\/\/dt.com.pl\/adwokackimokiem\/wp-json\/wp\/v2\/media\/114"}],"wp:attachment":[{"href":"https:\/\/dt.com.pl\/adwokackimokiem\/wp-json\/wp\/v2\/media?parent=112"}],"wp:term":[{"taxonomy":"category","embeddable":true,"href":"https:\/\/dt.com.pl\/adwokackimokiem\/wp-json\/wp\/v2\/categories?post=112"},{"taxonomy":"post_tag","embeddable":true,"href":"https:\/\/dt.com.pl\/adwokackimokiem\/wp-json\/wp\/v2\/tags?post=112"}],"curies":[{"name":"wp","href":"https:\/\/api.w.org\/{rel}","templated":true}]}}